{"id":3066,"date":"2022-09-07T12:29:36","date_gmt":"2022-09-07T10:29:36","guid":{"rendered":"https:\/\/www.studiomedicofanton.it\/?p=3066"},"modified":"2022-09-07T12:31:00","modified_gmt":"2022-09-07T10:31:00","slug":"occhiali-da-sole-proteggiti-dai-raggi-uv","status":"publish","type":"post","link":"https:\/\/www.studiomedicofanton.it\/it\/occhiali-da-sole-proteggiti-dai-raggi-uv\/","title":{"rendered":"Occhiali da sole: Proteggiti dai Raggi UV"},"content":{"rendered":"<div id=\"pl-3066\"  class=\"panel-layout\" ><div id=\"pg-3066-0\"  class=\"panel-grid panel-has-style\" ><div class=\"panel-row-style panel-row-style-for-3066-0\" ><div id=\"pgc-3066-0-0\"  class=\"panel-grid-cell\" ><div id=\"panel-3066-0-0-0\" class=\"widget_text so-panel widget widget_custom_html panel-first-child panel-last-child\" data-index=\"0\" ><div class=\"textwidget custom-html-widget\"><div class=\"pag-servizio-wrapper chirurgia-title-page\">\n\t<h1 class=\"pag-servizio-title\">\n\t\tEstate e Occhiali da sole\n<\/h1>\n<h3 style=\"text-align:center;\">Perch\u00e8 \u00e8 cos\u00ec importante proteggersi dai Raggi UV<\/h3>\n<\/div>\n<hr class=\"pag-servizio-title-line\"\/><\/div><\/div><\/div><\/div><\/div><div id=\"pg-3066-1\"  class=\"panel-grid panel-no-style\" ><div id=\"pgc-3066-1-0\"  class=\"panel-grid-cell\" ><div id=\"panel-3066-1-0-0\" class=\"widget_text so-panel widget widget_custom_html panel-first-child panel-last-child\" data-index=\"1\" ><div class=\"textwidget custom-html-widget\"><div class=\"pag-servizio-wrapper\">\n\t<p class=\"pag-servizio-text\">\n\t\tGli <strong>occhiali da sole<\/strong>, con l\u2019arrivo dell\u2019estate, diventano un accessorio indispensabile. Non si tratta di un\u2019esigenza puramente estetica, infatti gli occhiali da sole <b>proteggono i nostri occhi<\/b> dai raggi solari e dal vento. <br><br>\n\t<\/p>\n<\/div>\n<div class=\"pag-servizio-wrapper\">\n\t<p class=\"pag-servizio-text\">\n\t\tCome quando ci sdraiamo al sole, ci preoccupiamo di spalmare la crema per proteggere la nostra pelle, allo stesso modo, <b>quando siamo all\u2019aperto<\/b> e in presenza di un\u2019<b>intensa luminosit\u00e0<\/b>, dobbiamo proteggere i nostri occhi dagli agenti esterni, in particolare dai raggi UV.  \n\t<\/p>\n<\/div><\/div><\/div><\/div><div id=\"pgc-3066-1-1\"  class=\"panel-grid-cell\" ><div id=\"panel-3066-1-1-0\" class=\"widget_text so-panel widget widget_custom_html panel-first-child panel-last-child\" data-index=\"2\" ><div class=\"textwidget custom-html-widget\"><img loading=\"lazy\" decoding=\"async\" class=\"aligncenter size-full\" src=\"https:\/\/www.studiomedicofanton.it\/wp-content\/uploads\/2022\/09\/protezione-raggi-uv-occhiali-da-sole-02-studio-medico-fanton.jpg\" alt=\"Protezione dai Raggi UV\" width=\"900\" height=\"600\" \/><\/div><\/div><\/div><\/div><div id=\"pg-3066-2\"  class=\"panel-grid panel-has-style\" ><div class=\"siteorigin-panels-stretch panel-row-style panel-row-style-for-3066-2\" data-stretch-type=\"full\" ><div id=\"pgc-3066-2-0\"  class=\"panel-grid-cell\" ><div id=\"panel-3066-2-0-0\" class=\"widget_text so-panel widget widget_custom_html panel-first-child panel-last-child\" data-index=\"3\" ><div class=\"textwidget custom-html-widget\"><div class=\"pag-servizio-wrapper spacing-gray-block\">\n\t<h2 class=\"pag-servizio-subtitile\">\n\t\tChe cosa sono i Raggi UV?\n\t<\/h2>\n\t<p class=\"pag-servizio-text\">\n\t\tI raggi ultravioletti, comunemente chiamati raggi UV, sono delle <b>radiazioni provenienti dal sole<\/b> che, nonostante siano <b>invisibili<\/b> e <b>impercettibili<\/b> per il nostro occhio, <b>sono in grado di penetrare<\/b> molto facilmente al suo interno, raggiungendo la retina e <b>causando danni<\/b>, sia a breve che a lungo termine. \n\t<\/p>\n\t<p class=\"pag-servizio-text\">\n\t\tMa come mai questo accade? La luce proveniente dal sole \u00e8 composta da varie radiazioni che, essendo differenti per intensit\u00e0 e lunghezza d\u2019onda, non sono tutte visibili e percepibili ad occhio nudo. Il nostro occhio normalmente reagisce stringendo ed allargando la pupilla a seconda che la luce visibile sia pi\u00f9 o meno intensa. Dal momento che i <strong>raggi UV<\/strong> <b>sono invisibili all\u2019occhio umano, non attivano questo naturale riflesso di restringimento della pupilla<\/b>. Ci\u00f2, dunque, permette loro di entrare e di muoversi all\u2019interno delle strutture dell\u2019occhio molto liberamente e a nostra insaputa.\n\t<\/p>\n<\/div>\n<\/div><\/div><\/div><\/div><\/div><div id=\"pg-3066-3\"  class=\"panel-grid panel-has-style\" ><div class=\"siteorigin-panels-stretch panel-row-style panel-row-style-for-3066-3\" data-stretch-type=\"full\" ><div id=\"pgc-3066-3-0\"  class=\"panel-grid-cell\" ><div id=\"panel-3066-3-0-0\" class=\"widget_text so-panel widget widget_custom_html panel-first-child panel-last-child\" data-index=\"4\" ><div class=\"textwidget custom-html-widget\"><img loading=\"lazy\" decoding=\"async\" class=\"aligncenter size-full\" src=\"https:\/\/www.studiomedicofanton.it\/wp-content\/uploads\/2022\/09\/protezione-raggi-uv-occhiali-da-sole-01-studio-medico-fanton.jpg\" alt=\"\" width=\"900\" height=\"600\" \/><\/div><\/div><\/div><div id=\"pgc-3066-3-1\"  class=\"panel-grid-cell\" ><div id=\"panel-3066-3-1-0\" class=\"widget_text so-panel widget widget_custom_html panel-first-child panel-last-child\" data-index=\"5\" ><div class=\"textwidget custom-html-widget\"><div class=\"pag-servizio-wrapper spacing-gray-block\">\n<h2 class=\"pag-servizio-subtitile\">\n\t\tChe cosa possono provocare i Raggi UV?\n\t<\/h2>\n\t<p class=\"pag-servizio-text\">\n\t\tUna prolungata esposizione, in particolare nei mesi estivi e nella fascia oraria tra le 10:00 e le 14:00, risulta essere dannosa per la vista e pu\u00f2 causare malattie agli occhi, come:\n\t<\/p>\n\t<ol>\n\t\t<li><strong>Fotocheratite<\/strong>: un\u2019infiammazione della cornea;<\/li>\n\t\t<li><strong>Fotoinvecchiamento<\/strong>: della zona perioculare, ossia il processo di invecchiamento della zona comunemente chiamata \u201ccontorno occhi\u201d;<\/li>\n\t\t<li><strong>Cataratta<\/strong>: l\u2019opacizzazione graduale della lente naturale dell\u2019occhio. <a href=\"https:\/\/www.studiomedicofanton.it\/it\/cataratta\/\">Scopri di pi\u00f9 sulla Cataratta.<\/a><\/li>\n\t<\/ol>\n<\/div><\/div><\/div><\/div><\/div><\/div><div id=\"pg-3066-4\"  class=\"panel-grid panel-has-style\" ><div class=\"siteorigin-panels-stretch panel-row-style panel-row-style-for-3066-4\" data-stretch-type=\"full\" ><div id=\"pgc-3066-4-0\"  class=\"panel-grid-cell\" ><div id=\"panel-3066-4-0-0\" class=\"widget_text so-panel widget widget_custom_html panel-first-child panel-last-child\" data-index=\"6\" ><div class=\"textwidget custom-html-widget\"><div class=\"pag-servizio-wrapper\">\n\t<h2 class=\"pag-servizio-subtitile\">\n\t\tPrevenire i danni legati ai Raggi UV\n\t<\/h2>\n\t<p class=\"pag-servizio-text\">\n\t\tLa buona notizia \u00e8 che <b>i danni legati ai<\/b> <strong>raggi UV<\/strong> <b>si possono facilmente prevenire indossando occhiali da sole di qualit\u00e0<\/b> quando si \u00e8 all\u2019aperto, indipendentemente dal periodo dell\u2019anno e dall\u2019ora del giorno. Essi infatti, filtrando i raggi ultravioletti, rappresentano la migliore <b>barriera protettiva per i nostri occhi<\/b>.<br>\n\t<\/p>\n<\/div>\n<div class=\"pag-servizio-wrapper\">\n\t<h2 class=\"pag-servizio-subtitile\">\n\t\tCome scegliere gli occhiali da sole giusti?\n\t<\/h2>\n\t<p class=\"pag-servizio-text\">\n\t\tData la vasta gamma di alternative che il mercato propone, la scelta del giusto paio di occhiali da sole diventa sempre pi\u00f9 difficile. Spesso infatti siamo guidati da ragioni estetiche o economiche, a cui per\u00f2 \u00e8 necessario combinare anche quelle caratteristiche tecnologiche che sono fondamentali per proteggerci.<br><br>\n\t<\/p>\n<\/div><\/div><\/div><\/div><\/div><\/div><div id=\"pg-3066-5\"  class=\"panel-grid panel-no-style\" ><div id=\"pgc-3066-5-0\"  class=\"panel-grid-cell\" ><div id=\"panel-3066-5-0-0\" class=\"widget_text so-panel widget widget_custom_html panel-first-child panel-last-child\" data-index=\"7\" ><div class=\"textwidget custom-html-widget\"><div class=\"pag-servizio-wrapper\">\n\t<p class=\"pag-servizio-text\">\n\t\tQui di seguito troverete un elenco con le caratteristiche principali che gli occhiali da sole dovrebbero assolutamente avere e che, quindi, devono essere riportate sull\u2019etichetta:<br>\n\t<\/p>\n\t<ul class=\"pag-servizio-text\">\n\t\t<li><b>Protezione UV al 100%<\/b><\/li>\n\t\t<li><b>Marchio certificato CE<\/b> (ossia prodotto conformemente alle direttive della Comunit\u00e0 Europea) visibile e leggibile<\/li>\n\t\t<li><b>Potere filtrante<\/b> (ossia la capacit\u00e0 di assorbimento di luce) generalmente indicato con valori da 0 (nullo) a 4 (molto alto)<\/li>\n\t<\/ul>\n<\/div>\n<\/div><\/div><\/div><div id=\"pgc-3066-5-1\"  class=\"panel-grid-cell\" ><div id=\"panel-3066-5-1-0\" class=\"widget_text so-panel widget widget_custom_html panel-first-child panel-last-child\" data-index=\"8\" ><div class=\"textwidget custom-html-widget\"><img loading=\"lazy\" decoding=\"async\" class=\"aligncenter size-full\" src=\"https:\/\/www.studiomedicofanton.it\/wp-content\/uploads\/2022\/09\/protezione-raggi-uv-occhiali-da-sole-03-studio-medico-fanton.jpg\" alt=\"\" width=\"900\" height=\"600\" \/><\/div><\/div><\/div><\/div><div id=\"pg-3066-6\"  class=\"panel-grid panel-has-style\" ><div class=\"siteorigin-panels-stretch panel-row-style panel-row-style-for-3066-6\" data-stretch-type=\"full\" ><div id=\"pgc-3066-6-0\"  class=\"panel-grid-cell\" ><div id=\"panel-3066-6-0-0\" class=\"widget_text so-panel widget widget_custom_html panel-first-child panel-last-child\" data-index=\"9\" ><div class=\"textwidget custom-html-widget\"><div class=\"sezione-prenotazione-text justify\">\n\t<h3>\n\t\tL'Importanza di una visita Oculistica! \n\t<\/h3>\nLe Visite mediche servono soprattutto a diagnosticare patologie gravi, permettendo di effettuare terapie precoci con la possibilit\u00e0 di salvaguardare la vista.\nPer prenotare una visita presso il nostro Studio medico puoi utilizzare il pulsante sottostante. Se hai dubbi o hai bisogno di maggiori informazioni, sentiti libero di contattarci utilizzando il modulo di contatto. Saremo lieti di risponderti e venire incontro alle tue esigenze.\n<\/div>\n<div class=\"centrato\" style=\"margin-top:50px;\">\n\t<a class=\"mh-button-visit-form\" href=\"tel:+3901522979\">Prenota un visita<\/a>\n<\/div>\n<\/div><\/div><\/div><div id=\"pgc-3066-6-1\"  class=\"panel-grid-cell\" ><div id=\"panel-3066-6-1-0\" class=\"widget_text so-panel widget widget_custom_html panel-first-child panel-last-child\" data-index=\"10\" ><div class=\"textwidget custom-html-widget\"><div class=\"container-form centrato\">\n\t\n<div class=\"wpcf7 no-js\" id=\"wpcf7-f4-o1\" lang=\"it-IT\" dir=\"ltr\" data-wpcf7-id=\"4\">\n<div class=\"screen-reader-response\"><p role=\"status\" aria-live=\"polite\" aria-atomic=\"true\"><\/p> <ul><\/ul><\/div>\n<form action=\"\/it\/wp-json\/wp\/v2\/posts\/3066#wpcf7-f4-o1\" method=\"post\" class=\"wpcf7-form init\" aria-label=\"Modulo di contatto\" novalidate=\"novalidate\" data-status=\"init\">\n<fieldset class=\"hidden-fields-container\"><input type=\"hidden\" name=\"_wpcf7\" value=\"4\" \/><input type=\"hidden\" name=\"_wpcf7_version\" value=\"6.1.5\" \/><input type=\"hidden\" name=\"_wpcf7_locale\" value=\"it_IT\" \/><input type=\"hidden\" name=\"_wpcf7_unit_tag\" value=\"wpcf7-f4-o1\" \/><input type=\"hidden\" name=\"_wpcf7_container_post\" value=\"0\" \/><input type=\"hidden\" name=\"_wpcf7_posted_data_hash\" value=\"\" \/>\n<\/fieldset>\n<div class=\"wpcf7-turnstile cf-turnstile\" data-sitekey=\"0x4AAAAAABs1d-jl9c7nQQX9\" data-response-field-name=\"_wpcf7_turnstile_response\"><\/div>\n\n<p><span class=\"wpcf7-form-control-wrap\" data-name=\"your-name\"><input size=\"40\" maxlength=\"400\" class=\"wpcf7-form-control wpcf7-text wpcf7-validates-as-required\" aria-required=\"true\" aria-invalid=\"false\" placeholder=\"Nome e Cognome*\" value=\"\" type=\"text\" name=\"your-name\" \/><\/span>\n<\/p>\n<p><span class=\"wpcf7-form-control-wrap\" data-name=\"your-email\"><input size=\"40\" maxlength=\"400\" class=\"wpcf7-form-control wpcf7-email wpcf7-validates-as-required wpcf7-text wpcf7-validates-as-email\" aria-required=\"true\" aria-invalid=\"false\" placeholder=\"Email*\" value=\"\" type=\"email\" name=\"your-email\" \/><\/span>\n<\/p>\n<p><span class=\"wpcf7-form-control-wrap\" data-name=\"your-phone\"><input size=\"40\" maxlength=\"400\" class=\"wpcf7-form-control wpcf7-text\" aria-invalid=\"false\" placeholder=\"Numero di Telefono\" value=\"\" type=\"text\" name=\"your-phone\" \/><\/span>\n<\/p>\n<p><span class=\"wpcf7-form-control-wrap\" data-name=\"your-message\"><textarea cols=\"40\" rows=\"2\" maxlength=\"2000\" class=\"wpcf7-form-control wpcf7-textarea wpcf7-validates-as-required\" aria-required=\"true\" aria-invalid=\"false\" placeholder=\"Messaggio*\" name=\"your-message\"><\/textarea><\/span>\n<\/p>\n<div style=\"font-size:0.9em !important;margin-bottom: 10px;color:#5b779d;\" >\n\t<p><span class=\"wpcf7-form-control-wrap\" data-name=\"acceptance-privacy\"><span class=\"wpcf7-form-control wpcf7-acceptance\"><span class=\"wpcf7-list-item\"><label><input type=\"checkbox\" name=\"acceptance-privacy\" value=\"1\" aria-invalid=\"false\" \/><span class=\"wpcf7-list-item-label\">- Acconsento al trattamento dei miei dati personali in accordo con la pi\u00f9 recente <a href=\"https:\/\/www.studiomedicofanton.it\/it\/privacy-policy\/\" target=\"_blank\" style=\"font-size:0.9em;color:#5b779d70;\" >Privacy Policy<\/a><\/span><\/label><\/span><\/span><\/span>\n\t<\/p>\n<\/div>\n<p><input class=\"wpcf7-form-control wpcf7-submit has-spinner\" type=\"submit\" value=\"Invia\" \/>\n<\/p><div class=\"wpcf7-response-output\" aria-hidden=\"true\"><\/div>\n<\/form>\n<\/div>\n\n<\/div>\n<\/div><\/div><\/div><\/div><\/div><\/div>","protected":false},"excerpt":{"rendered":"<p>Estate e Occhiali da sole Perch\u00e8 \u00e8 cos\u00ec importante proteggersi dai Raggi UV Gli occhiali da sole, con l\u2019arrivo dell\u2019estate, diventano un accessorio indispensabile. Non si tratta di un\u2019esigenza puramente&hellip;<\/p>\n","protected":false},"author":1,"featured_media":3136,"comment_status":"closed","ping_status":"closed","sticky":false,"template":"","format":"standard","meta":{"footnotes":""},"categories":[9,1],"tags":[],"class_list":["post-3066","post","type-post","status-publish","format-standard","has-post-thumbnail","hentry","category-consigli","category-news"],"yoast_head":"<!-- This site is optimized with the Yoast SEO plugin v27.2 - https:\/\/yoast.com\/product\/yoast-seo-wordpress\/ -->\n<title>Occhiali da sole: Proteggiti dai Raggi UV - Studio Medico Fanton<\/title>\n<meta name=\"description\" content=\"Gli occhiali da sole diventano indispensabili durante l&#039;estate, infatti gli occhiali da sole proteggono i nostri occhi dai raggi UV\" \/>\n<meta name=\"robots\" content=\"index, follow, max-snippet:-1, max-image-preview:large, max-video-preview:-1\" \/>\n<link rel=\"canonical\" href=\"https:\/\/www.studiomedicofanton.it\/it\/occhiali-da-sole-proteggiti-dai-raggi-uv\/\" \/>\n<meta property=\"og:locale\" content=\"it_IT\" \/>\n<meta property=\"og:type\" content=\"article\" \/>\n<meta property=\"og:title\" content=\"Occhiali da sole: Proteggiti dai Raggi UV - Studio Medico Fanton\" \/>\n<meta property=\"og:description\" content=\"Gli occhiali da sole diventano indispensabili durante l&#039;estate, infatti gli occhiali da sole proteggono i nostri occhi dai raggi UV\" \/>\n<meta property=\"og:url\" content=\"https:\/\/www.studiomedicofanton.it\/it\/occhiali-da-sole-proteggiti-dai-raggi-uv\/\" \/>\n<meta property=\"og:site_name\" content=\"Studio Medico Fanton\" \/>\n<meta property=\"article:published_time\" content=\"2022-09-07T10:29:36+00:00\" \/>\n<meta property=\"article:modified_time\" content=\"2022-09-07T10:31:00+00:00\" \/>\n<meta property=\"og:image\" content=\"https:\/\/www.studiomedicofanton.it\/wp-content\/uploads\/2022\/09\/protezione-raggi-uv-occhiali-da-sole-02-studio-medico-fanton.jpg\" \/>\n\t<meta property=\"og:image:width\" content=\"801\" \/>\n\t<meta property=\"og:image:height\" content=\"601\" \/>\n\t<meta property=\"og:image:type\" content=\"image\/jpeg\" \/>\n<meta name=\"author\" content=\"vlab\" \/>\n<meta name=\"twitter:card\" content=\"summary_large_image\" \/>\n<meta name=\"twitter:label1\" content=\"Scritto da\" \/>\n\t<meta name=\"twitter:data1\" content=\"vlab\" \/>\n\t<meta name=\"twitter:label2\" content=\"Tempo di lettura stimato\" \/>\n\t<meta name=\"twitter:data2\" content=\"1 minuto\" \/>\n<script type=\"application\/ld+json\" class=\"yoast-schema-graph\">{\"@context\":\"https:\/\/schema.org\",\"@graph\":[{\"@type\":\"Article\",\"@id\":\"https:\/\/www.studiomedicofanton.it\/it\/occhiali-da-sole-proteggiti-dai-raggi-uv\/#article\",\"isPartOf\":{\"@id\":\"https:\/\/www.studiomedicofanton.it\/it\/occhiali-da-sole-proteggiti-dai-raggi-uv\/\"},\"author\":{\"name\":\"vlab\",\"@id\":\"https:\/\/www.studiomedicofanton.it\/it\/#\/schema\/person\/fe0c21902cee2df6c7446726a99108df\"},\"headline\":\"Occhiali da sole: Proteggiti dai Raggi UV\",\"datePublished\":\"2022-09-07T10:29:36+00:00\",\"dateModified\":\"2022-09-07T10:31:00+00:00\",\"mainEntityOfPage\":{\"@id\":\"https:\/\/www.studiomedicofanton.it\/it\/occhiali-da-sole-proteggiti-dai-raggi-uv\/\"},\"wordCount\":106,\"image\":{\"@id\":\"https:\/\/www.studiomedicofanton.it\/it\/occhiali-da-sole-proteggiti-dai-raggi-uv\/#primaryimage\"},\"thumbnailUrl\":\"https:\/\/www.studiomedicofanton.it\/wp-content\/uploads\/2022\/09\/protezione-raggi-uv-occhiali-da-sole-02-studio-medico-fanton.jpg\",\"articleSection\":[\"Consigli\",\"News\"],\"inLanguage\":\"it-IT\"},{\"@type\":\"WebPage\",\"@id\":\"https:\/\/www.studiomedicofanton.it\/it\/occhiali-da-sole-proteggiti-dai-raggi-uv\/\",\"url\":\"https:\/\/www.studiomedicofanton.it\/it\/occhiali-da-sole-proteggiti-dai-raggi-uv\/\",\"name\":\"Occhiali da sole: Proteggiti dai Raggi UV - Studio Medico Fanton\",\"isPartOf\":{\"@id\":\"https:\/\/www.studiomedicofanton.it\/it\/#website\"},\"primaryImageOfPage\":{\"@id\":\"https:\/\/www.studiomedicofanton.it\/it\/occhiali-da-sole-proteggiti-dai-raggi-uv\/#primaryimage\"},\"image\":{\"@id\":\"https:\/\/www.studiomedicofanton.it\/it\/occhiali-da-sole-proteggiti-dai-raggi-uv\/#primaryimage\"},\"thumbnailUrl\":\"https:\/\/www.studiomedicofanton.it\/wp-content\/uploads\/2022\/09\/protezione-raggi-uv-occhiali-da-sole-02-studio-medico-fanton.jpg\",\"datePublished\":\"2022-09-07T10:29:36+00:00\",\"dateModified\":\"2022-09-07T10:31:00+00:00\",\"author\":{\"@id\":\"https:\/\/www.studiomedicofanton.it\/it\/#\/schema\/person\/fe0c21902cee2df6c7446726a99108df\"},\"description\":\"Gli occhiali da sole diventano indispensabili durante l'estate, infatti gli occhiali da sole proteggono i nostri occhi dai raggi UV\",\"breadcrumb\":{\"@id\":\"https:\/\/www.studiomedicofanton.it\/it\/occhiali-da-sole-proteggiti-dai-raggi-uv\/#breadcrumb\"},\"inLanguage\":\"it-IT\",\"potentialAction\":[{\"@type\":\"ReadAction\",\"target\":[\"https:\/\/www.studiomedicofanton.it\/it\/occhiali-da-sole-proteggiti-dai-raggi-uv\/\"]}]},{\"@type\":\"ImageObject\",\"inLanguage\":\"it-IT\",\"@id\":\"https:\/\/www.studiomedicofanton.it\/it\/occhiali-da-sole-proteggiti-dai-raggi-uv\/#primaryimage\",\"url\":\"https:\/\/www.studiomedicofanton.it\/wp-content\/uploads\/2022\/09\/protezione-raggi-uv-occhiali-da-sole-02-studio-medico-fanton.jpg\",\"contentUrl\":\"https:\/\/www.studiomedicofanton.it\/wp-content\/uploads\/2022\/09\/protezione-raggi-uv-occhiali-da-sole-02-studio-medico-fanton.jpg\",\"width\":801,\"height\":601},{\"@type\":\"BreadcrumbList\",\"@id\":\"https:\/\/www.studiomedicofanton.it\/it\/occhiali-da-sole-proteggiti-dai-raggi-uv\/#breadcrumb\",\"itemListElement\":[{\"@type\":\"ListItem\",\"position\":1,\"name\":\"Home\",\"item\":\"https:\/\/www.studiomedicofanton.it\/it\/\"},{\"@type\":\"ListItem\",\"position\":2,\"name\":\"Occhiali da sole: Proteggiti dai Raggi UV\"}]},{\"@type\":\"WebSite\",\"@id\":\"https:\/\/www.studiomedicofanton.it\/it\/#website\",\"url\":\"https:\/\/www.studiomedicofanton.it\/it\/\",\"name\":\"Studio Medico Fanton\",\"description\":\"Biella Torino Lugano -  I Vostri Occhi, la Nostra Passione\",\"alternateName\":\"Studio Fanton\",\"potentialAction\":[{\"@type\":\"SearchAction\",\"target\":{\"@type\":\"EntryPoint\",\"urlTemplate\":\"https:\/\/www.studiomedicofanton.it\/it\/?s={search_term_string}\"},\"query-input\":{\"@type\":\"PropertyValueSpecification\",\"valueRequired\":true,\"valueName\":\"search_term_string\"}}],\"inLanguage\":\"it-IT\"},{\"@type\":\"Person\",\"@id\":\"https:\/\/www.studiomedicofanton.it\/it\/#\/schema\/person\/fe0c21902cee2df6c7446726a99108df\",\"name\":\"vlab\",\"image\":{\"@type\":\"ImageObject\",\"inLanguage\":\"it-IT\",\"@id\":\"https:\/\/secure.gravatar.com\/avatar\/2b2547060eb5d1f3b78352c41a2609abdc25e9b739b469f2d5d0a380e08ff190?s=96&d=mm&r=g\",\"url\":\"https:\/\/secure.gravatar.com\/avatar\/2b2547060eb5d1f3b78352c41a2609abdc25e9b739b469f2d5d0a380e08ff190?s=96&d=mm&r=g\",\"contentUrl\":\"https:\/\/secure.gravatar.com\/avatar\/2b2547060eb5d1f3b78352c41a2609abdc25e9b739b469f2d5d0a380e08ff190?s=96&d=mm&r=g\",\"caption\":\"vlab\"},\"sameAs\":[\"https:\/\/www.studiomedicofanton.it\"]}]}<\/script>\n<!-- \/ Yoast SEO plugin. -->","yoast_head_json":{"title":"Occhiali da sole: Proteggiti dai Raggi UV - Studio Medico Fanton","description":"Gli occhiali da sole diventano indispensabili durante l'estate, infatti gli occhiali da sole proteggono i nostri occhi dai raggi UV","robots":{"index":"index","follow":"follow","max-snippet":"max-snippet:-1","max-image-preview":"max-image-preview:large","max-video-preview":"max-video-preview:-1"},"canonical":"https:\/\/www.studiomedicofanton.it\/it\/occhiali-da-sole-proteggiti-dai-raggi-uv\/","og_locale":"it_IT","og_type":"article","og_title":"Occhiali da sole: Proteggiti dai Raggi UV - Studio Medico Fanton","og_description":"Gli occhiali da sole diventano indispensabili durante l'estate, infatti gli occhiali da sole proteggono i nostri occhi dai raggi UV","og_url":"https:\/\/www.studiomedicofanton.it\/it\/occhiali-da-sole-proteggiti-dai-raggi-uv\/","og_site_name":"Studio Medico Fanton","article_published_time":"2022-09-07T10:29:36+00:00","article_modified_time":"2022-09-07T10:31:00+00:00","og_image":[{"width":801,"height":601,"url":"https:\/\/www.studiomedicofanton.it\/wp-content\/uploads\/2022\/09\/protezione-raggi-uv-occhiali-da-sole-02-studio-medico-fanton.jpg","type":"image\/jpeg"}],"author":"vlab","twitter_card":"summary_large_image","twitter_misc":{"Scritto da":"vlab","Tempo di lettura stimato":"1 minuto"},"schema":{"@context":"https:\/\/schema.org","@graph":[{"@type":"Article","@id":"https:\/\/www.studiomedicofanton.it\/it\/occhiali-da-sole-proteggiti-dai-raggi-uv\/#article","isPartOf":{"@id":"https:\/\/www.studiomedicofanton.it\/it\/occhiali-da-sole-proteggiti-dai-raggi-uv\/"},"author":{"name":"vlab","@id":"https:\/\/www.studiomedicofanton.it\/it\/#\/schema\/person\/fe0c21902cee2df6c7446726a99108df"},"headline":"Occhiali da sole: Proteggiti dai Raggi UV","datePublished":"2022-09-07T10:29:36+00:00","dateModified":"2022-09-07T10:31:00+00:00","mainEntityOfPage":{"@id":"https:\/\/www.studiomedicofanton.it\/it\/occhiali-da-sole-proteggiti-dai-raggi-uv\/"},"wordCount":106,"image":{"@id":"https:\/\/www.studiomedicofanton.it\/it\/occhiali-da-sole-proteggiti-dai-raggi-uv\/#primaryimage"},"thumbnailUrl":"https:\/\/www.studiomedicofanton.it\/wp-content\/uploads\/2022\/09\/protezione-raggi-uv-occhiali-da-sole-02-studio-medico-fanton.jpg","articleSection":["Consigli","News"],"inLanguage":"it-IT"},{"@type":"WebPage","@id":"https:\/\/www.studiomedicofanton.it\/it\/occhiali-da-sole-proteggiti-dai-raggi-uv\/","url":"https:\/\/www.studiomedicofanton.it\/it\/occhiali-da-sole-proteggiti-dai-raggi-uv\/","name":"Occhiali da sole: Proteggiti dai Raggi UV - Studio Medico Fanton","isPartOf":{"@id":"https:\/\/www.studiomedicofanton.it\/it\/#website"},"primaryImageOfPage":{"@id":"https:\/\/www.studiomedicofanton.it\/it\/occhiali-da-sole-proteggiti-dai-raggi-uv\/#primaryimage"},"image":{"@id":"https:\/\/www.studiomedicofanton.it\/it\/occhiali-da-sole-proteggiti-dai-raggi-uv\/#primaryimage"},"thumbnailUrl":"https:\/\/www.studiomedicofanton.it\/wp-content\/uploads\/2022\/09\/protezione-raggi-uv-occhiali-da-sole-02-studio-medico-fanton.jpg","datePublished":"2022-09-07T10:29:36+00:00","dateModified":"2022-09-07T10:31:00+00:00","author":{"@id":"https:\/\/www.studiomedicofanton.it\/it\/#\/schema\/person\/fe0c21902cee2df6c7446726a99108df"},"description":"Gli occhiali da sole diventano indispensabili durante l'estate, infatti gli occhiali da sole proteggono i nostri occhi dai raggi UV","breadcrumb":{"@id":"https:\/\/www.studiomedicofanton.it\/it\/occhiali-da-sole-proteggiti-dai-raggi-uv\/#breadcrumb"},"inLanguage":"it-IT","potentialAction":[{"@type":"ReadAction","target":["https:\/\/www.studiomedicofanton.it\/it\/occhiali-da-sole-proteggiti-dai-raggi-uv\/"]}]},{"@type":"ImageObject","inLanguage":"it-IT","@id":"https:\/\/www.studiomedicofanton.it\/it\/occhiali-da-sole-proteggiti-dai-raggi-uv\/#primaryimage","url":"https:\/\/www.studiomedicofanton.it\/wp-content\/uploads\/2022\/09\/protezione-raggi-uv-occhiali-da-sole-02-studio-medico-fanton.jpg","contentUrl":"https:\/\/www.studiomedicofanton.it\/wp-content\/uploads\/2022\/09\/protezione-raggi-uv-occhiali-da-sole-02-studio-medico-fanton.jpg","width":801,"height":601},{"@type":"BreadcrumbList","@id":"https:\/\/www.studiomedicofanton.it\/it\/occhiali-da-sole-proteggiti-dai-raggi-uv\/#breadcrumb","itemListElement":[{"@type":"ListItem","position":1,"name":"Home","item":"https:\/\/www.studiomedicofanton.it\/it\/"},{"@type":"ListItem","position":2,"name":"Occhiali da sole: Proteggiti dai Raggi UV"}]},{"@type":"WebSite","@id":"https:\/\/www.studiomedicofanton.it\/it\/#website","url":"https:\/\/www.studiomedicofanton.it\/it\/","name":"Studio Medico Fanton","description":"Biella Torino Lugano -  I Vostri Occhi, la Nostra Passione","alternateName":"Studio Fanton","potentialAction":[{"@type":"SearchAction","target":{"@type":"EntryPoint","urlTemplate":"https:\/\/www.studiomedicofanton.it\/it\/?s={search_term_string}"},"query-input":{"@type":"PropertyValueSpecification","valueRequired":true,"valueName":"search_term_string"}}],"inLanguage":"it-IT"},{"@type":"Person","@id":"https:\/\/www.studiomedicofanton.it\/it\/#\/schema\/person\/fe0c21902cee2df6c7446726a99108df","name":"vlab","image":{"@type":"ImageObject","inLanguage":"it-IT","@id":"https:\/\/secure.gravatar.com\/avatar\/2b2547060eb5d1f3b78352c41a2609abdc25e9b739b469f2d5d0a380e08ff190?s=96&d=mm&r=g","url":"https:\/\/secure.gravatar.com\/avatar\/2b2547060eb5d1f3b78352c41a2609abdc25e9b739b469f2d5d0a380e08ff190?s=96&d=mm&r=g","contentUrl":"https:\/\/secure.gravatar.com\/avatar\/2b2547060eb5d1f3b78352c41a2609abdc25e9b739b469f2d5d0a380e08ff190?s=96&d=mm&r=g","caption":"vlab"},"sameAs":["https:\/\/www.studiomedicofanton.it"]}]}},"_links":{"self":[{"href":"https:\/\/www.studiomedicofanton.it\/it\/wp-json\/wp\/v2\/posts\/3066","targetHints":{"allow":["GET"]}}],"collection":[{"href":"https:\/\/www.studiomedicofanton.it\/it\/wp-json\/wp\/v2\/posts"}],"about":[{"href":"https:\/\/www.studiomedicofanton.it\/it\/wp-json\/wp\/v2\/types\/post"}],"author":[{"embeddable":true,"href":"https:\/\/www.studiomedicofanton.it\/it\/wp-json\/wp\/v2\/users\/1"}],"replies":[{"embeddable":true,"href":"https:\/\/www.studiomedicofanton.it\/it\/wp-json\/wp\/v2\/comments?post=3066"}],"version-history":[{"count":10,"href":"https:\/\/www.studiomedicofanton.it\/it\/wp-json\/wp\/v2\/posts\/3066\/revisions"}],"predecessor-version":[{"id":3140,"href":"https:\/\/www.studiomedicofanton.it\/it\/wp-json\/wp\/v2\/posts\/3066\/revisions\/3140"}],"wp:featuredmedia":[{"embeddable":true,"href":"https:\/\/www.studiomedicofanton.it\/it\/wp-json\/wp\/v2\/media\/3136"}],"wp:attachment":[{"href":"https:\/\/www.studiomedicofanton.it\/it\/wp-json\/wp\/v2\/media?parent=3066"}],"wp:term":[{"taxonomy":"category","embeddable":true,"href":"https:\/\/www.studiomedicofanton.it\/it\/wp-json\/wp\/v2\/categories?post=3066"},{"taxonomy":"post_tag","embeddable":true,"href":"https:\/\/www.studiomedicofanton.it\/it\/wp-json\/wp\/v2\/tags?post=3066"}],"curies":[{"name":"wp","href":"https:\/\/api.w.org\/{rel}","templated":true}]}}