{"id":3118,"date":"2022-09-20T15:01:22","date_gmt":"2022-09-20T13:01:22","guid":{"rendered":"https:\/\/www.studiomedicofanton.it\/?p=3118"},"modified":"2022-09-07T15:17:06","modified_gmt":"2022-09-07T13:17:06","slug":"bambini-e-smartphone-quando-la-tecnologia-fa-male-alla-vista","status":"publish","type":"post","link":"https:\/\/www.studiomedicofanton.it\/it\/bambini-e-smartphone-quando-la-tecnologia-fa-male-alla-vista\/","title":{"rendered":"Bambini e Smartphone: quando la tecnologia fa male alla vista"},"content":{"rendered":"<div id=\"pl-3118\"  class=\"panel-layout\" ><div id=\"pg-3118-0\"  class=\"panel-grid panel-has-style\" ><div class=\"panel-row-style panel-row-style-for-3118-0\" ><div id=\"pgc-3118-0-0\"  class=\"panel-grid-cell\" ><div id=\"panel-3118-0-0-0\" class=\"widget_text so-panel widget widget_custom_html panel-first-child panel-last-child\" data-index=\"0\" ><div class=\"textwidget custom-html-widget\"><div class=\"pag-servizio-wrapper chirurgia-title-page\">\n\t<h1 class=\"pag-servizio-title\">\n\t\tBambini e Smartphone\n<\/h1>\n<h3 style=\"text-align:center;\">Quando la tecnologia fa male alla vista<\/h3>\n<\/div>\n<hr class=\"pag-servizio-title-line\"\/><\/div><\/div><\/div><\/div><\/div><div id=\"pg-3118-1\"  class=\"panel-grid panel-no-style\" ><div id=\"pgc-3118-1-0\"  class=\"panel-grid-cell\" ><div id=\"panel-3118-1-0-0\" class=\"widget_text so-panel widget widget_custom_html panel-first-child panel-last-child\" data-index=\"1\" ><div class=\"textwidget custom-html-widget\"><div class=\"pag-servizio-wrapper\">\n\t<p class=\"pag-servizio-text\">\n\t\tSecondo quanto emerso da recenti indagini statistiche, negli ultimi anni \u00e8 stata registrata una <b>crescita esponenziale nella comparsa di difetti visivi<\/b> in et\u00e0 giovanile. La <strong>miopia<\/strong>, in particolare, ha sub\u00ecto un\u2019<b>evidente espansione<\/b> non attribuibile ai soli fattori genetici, ma anche a fattori ambientali.\n\t\tSono i numeri a parlare:<br>\n\t<\/p>\n\t<ul>\n\t\t<li><b>A 9 Anni<\/b>: 1 bambino su 4 \u00e8 miope(23,5%);<\/li>\n\t\t<li><b>A 11 Anni<\/b>: 1 bambino su 3 \u00e8 miope(38,8%);<\/li>\n\t\t<li><b>A 17 Anni<\/b>: 1 bambino su 2 \u00e8 miope(48,9%);<\/li>\n\t<\/ul>\n<\/div>\n<div class=\"pag-servizio-wrapper\">\n\t<p class=\"pag-servizio-text\">\n\t\tIn passato la causa principale era ricercata nelle ore che bambini e ragazzi trascorrevano sui libri a studiare, un\u2019attivit\u00e0 che richiede uno sforzo della vista da vicino. \n\t<\/p>\n<\/div><\/div><\/div><\/div><div id=\"pgc-3118-1-1\"  class=\"panel-grid-cell\" ><div id=\"panel-3118-1-1-0\" class=\"widget_text so-panel widget widget_custom_html panel-first-child panel-last-child\" data-index=\"2\" ><div class=\"textwidget custom-html-widget\"><img loading=\"lazy\" decoding=\"async\" class=\"aligncenter size-full\" src=\"https:\/\/www.studiomedicofanton.it\/wp-content\/uploads\/2022\/09\/bambini-e-smartphone-studio-medico-fanton-01.jpg\" alt=\"\" width=\"900\" height=\"600\" \/><\/div><\/div><\/div><\/div><div id=\"pg-3118-2\"  class=\"panel-grid panel-has-style\" ><div class=\"siteorigin-panels-stretch panel-row-style panel-row-style-for-3118-2\" data-stretch-type=\"full\" ><div id=\"pgc-3118-2-0\"  class=\"panel-grid-cell\" ><div id=\"panel-3118-2-0-0\" class=\"widget_text so-panel widget widget_custom_html panel-first-child panel-last-child\" data-index=\"3\" ><div class=\"textwidget custom-html-widget\"><div class=\"pag-servizio-wrapper spacing-gray-block\">\n\t<p class=\"pag-servizio-text\">\n\t\tCon l\u2019evoluzione digitale, la relazione tra bambini e smartphone e l\u2019uso della vista da vicino \u00e8 aumentato esponenzialmente, complice una vera e propria <b>dipendenza dalla tecnologia<\/b>, che nella maggior parte dei casi <b>ha sostituito il tempo alle attivit\u00e0 all\u2019aria aperta<\/b>. <br>\n\t<\/p>\n\t<p class=\"pag-servizio-text\">\n\t\tInfatti correre, giocare con la sabbia o a palla nei parchi comporta, oltre al divertimento, due importanti vantaggi per la nostra vista: <br><br>\n\t<\/p>\n\t<ol>\n\t\t<li><b>Sono attivit\u00e0 svolte alla luce naturale del sole<\/b><\/li>\n\t\t<li><b>Sono attivit\u00e0 in cui si potenzia la visione da lontano<\/b><\/li>\n\t<\/ol>\n\t<p class=\"pag-servizio-text\">\n\t\tMolti bambini oggi, purtroppo, fanno largo ed eccessivo uso di dispositivi tecnologici sin dalla pi\u00f9 tenera et\u00e0, concentrando lo sguardo su piccoli schermi posti a una brevissima distanza. Non stupisce, dunque, il trend di crescita della miopia in et\u00e0 evolutiva, rendendo abbastanza evidente un legame tra questi due fenomeni.\n\t<\/p>\n<\/div>\n<\/div><\/div><\/div><\/div><\/div><div id=\"pg-3118-3\"  class=\"panel-grid panel-has-style\" ><div class=\"siteorigin-panels-stretch panel-row-style panel-row-style-for-3118-3\" data-stretch-type=\"full\" ><div id=\"pgc-3118-3-0\"  class=\"panel-grid-cell\" ><div id=\"panel-3118-3-0-0\" class=\"widget_text so-panel widget widget_custom_html panel-first-child panel-last-child\" data-index=\"4\" ><div class=\"textwidget custom-html-widget\"><img loading=\"lazy\" decoding=\"async\" class=\"aligncenter size-full\" src=\"https:\/\/www.studiomedicofanton.it\/wp-content\/uploads\/2022\/09\/bambini-e-smartphone-studio-medico-fanton-02.jpg\" alt=\"\" width=\"900\" height=\"600\" \/><\/div><\/div><\/div><div id=\"pgc-3118-3-1\"  class=\"panel-grid-cell\" ><div id=\"panel-3118-3-1-0\" class=\"widget_text so-panel widget widget_custom_html panel-first-child panel-last-child\" data-index=\"5\" ><div class=\"textwidget custom-html-widget\"><div class=\"pag-servizio-wrapper spacing-gray-block\">\n<h2 class=\"pag-servizio-subtitile\">\n\t\tLa miopia nei bambini: consigli utili\n\t<\/h2>\n\t<p class=\"pag-servizio-text\">\n\t\tSarebbe opportuno:\n\t<\/p>\n\t<ul>\n\t\t<li><b>Stabilire regole ben precise sulla durata<\/b> di utilizzo del device durante il giorno;<\/li>\n\t\t<li><b>Evitare<\/b> l'utilizzo del device <b>prima di andare a dormire e durante la notte<\/b>;<\/li>\n\t\t<li><b>Effettuare pause frequenti<\/b> e guardare fuori dalla finestra ogni 30 minuti;<\/li>\n\t\t<li>Svolgere <b>attivit\u00e0 all'aria aperta<\/b> perch\u00e8 contribuisce a sviluppare la visione da lontano.<\/li>\n\t<\/ul>\n<\/div><\/div><\/div><\/div><\/div><\/div><div id=\"pg-3118-4\"  class=\"panel-grid panel-has-style\" ><div class=\"siteorigin-panels-stretch panel-row-style panel-row-style-for-3118-4\" data-stretch-type=\"full\" ><div id=\"pgc-3118-4-0\"  class=\"panel-grid-cell\" ><div id=\"panel-3118-4-0-0\" class=\"widget_text so-panel widget widget_custom_html panel-first-child panel-last-child\" data-index=\"6\" ><div class=\"textwidget custom-html-widget\"><div class=\"pag-servizio-wrapper spacing-gray-block\">\n\t<h2 class=\"pag-servizio-subtitile\">\n\t\tBambini e Smartphone: verso un uso consapevole dei dispositivi\n\t<\/h2>\n\t<p class=\"pag-servizio-text\">\n\t\tPrendere consapevolezza del problema \u00e8 un primo passo verso il rallentamento del fenomeno, conoscerne e comprenderne i rischi \u00e8 un grande passo per prevenirlo.  Secondo gli esperti l\u2019approccio dei bambini alle nuove tecnologie deve essere guidato verso un uso consapevole, un compito che spetta in primo luogo ai genitori e, a seguire, gli altri adulti di riferimento. Al fine di impedire che smartphone, tablet e videogame diventino una minaccia per lo sviluppo sociale e la salute fisica del bambino, \u00e8 fortemente consigliato <b>intervenire sin dai primi anni di vita<\/b>. Sono questi gli anni in cui vengono a formarsi e consolidarsi abitudini e comportamenti difficilmente modificabili in et\u00e0 pi\u00f9 avanzata. \n\t<\/p>\n<\/div><\/div><\/div><\/div><\/div><\/div><div id=\"pg-3118-5\"  class=\"panel-grid panel-has-style\" ><div class=\"siteorigin-panels-stretch panel-row-style panel-row-style-for-3118-5\" data-stretch-type=\"full\" ><div id=\"pgc-3118-5-0\"  class=\"panel-grid-cell\" ><div id=\"panel-3118-5-0-0\" class=\"widget_text so-panel widget widget_custom_html panel-first-child panel-last-child\" data-index=\"7\" ><div class=\"textwidget custom-html-widget\"><div class=\"pag-servizio-wrapper\">\n\t<h2 class=\"pag-servizio-subtitile\">\n\t\tQuando dobbiamo iniziare a preoccuparci?\n\t<\/h2>\n\t<p class=\"pag-servizio-text\">\n\t\tDobbiamo <b>porre attenzione ad alcuni atteggiamenti<\/b> che potrebbero insorgere nei nostri bambini e che possono essere indice dell\u2019insorgenza della miopia, come ad esempio:<br>\n\t<\/p>\n\t<ul>\n\t\t<li>Strofinarsi regolarmente gli occhi;<\/li>\n\t\t<li>Sedersi molto vicino alla TV;<\/li>\n\t\t<li>Lamentare mal di testa e occhi stanchi;<\/li>\n\t\t<li>Riportare difficolt\u00e0 nel vedere alla lavagna.<\/li>\n\t<\/ul>\n<\/div><\/div><\/div><\/div><\/div><\/div><div id=\"pg-3118-6\"  class=\"panel-grid panel-no-style\" ><div id=\"pgc-3118-6-0\"  class=\"panel-grid-cell\" ><div id=\"panel-3118-6-0-0\" class=\"widget_text so-panel widget widget_custom_html panel-first-child panel-last-child\" data-index=\"8\" ><div class=\"textwidget custom-html-widget\"><div class=\"pag-servizio-wrapper\">\n\t<p class=\"pag-servizio-text\">\n\t\tTuttavia nella maggior parte dei casi <b>risulta difficile per un genitore<\/b> accorgersi e <b>sospettare un difetto visivo<\/b>, soprattutto quando il bambino non ha ancora iniziato a comunicare verbalmente. Da qui l\u2019importanza di eseguire una <b>prima visita oculistica gi\u00e0 all\u2019et\u00e0 di 4 anni e poi controlli periodici<\/b>, anche in assenza di una sintomatologia. Questo permette, infatti, di valutare durante l\u2019et\u00e0 di sviluppo, di per s\u00e9 molto delicata, lo stato di salute degli occhi dei nostri bambini, potendo cos\u00ec intervenire tempestivamente nel caso fosse necessario. \n\t<\/p>\n<\/div>\n<\/div><\/div><\/div><div id=\"pgc-3118-6-1\"  class=\"panel-grid-cell\" ><div id=\"panel-3118-6-1-0\" class=\"widget_text so-panel widget widget_custom_html panel-first-child panel-last-child\" data-index=\"9\" ><div class=\"textwidget custom-html-widget\"><img loading=\"lazy\" decoding=\"async\" class=\"aligncenter size-full\" src=\"https:\/\/www.studiomedicofanton.it\/wp-content\/uploads\/2022\/09\/bambini-e-smartphone-studio-medico-fanton-03.jpg\" alt=\"\" width=\"900\" height=\"600\" \/><\/div><\/div><\/div><\/div><div id=\"pg-3118-7\"  class=\"panel-grid panel-has-style\" ><div class=\"siteorigin-panels-stretch panel-row-style panel-row-style-for-3118-7\" data-stretch-type=\"full\" ><div id=\"pgc-3118-7-0\"  class=\"panel-grid-cell\" ><div id=\"panel-3118-7-0-0\" class=\"widget_text so-panel widget widget_custom_html panel-first-child panel-last-child\" data-index=\"10\" ><div class=\"textwidget custom-html-widget\"><div class=\"sezione-prenotazione-text justify\">\n\t<h3>\n\t\tL'Importanza di una visita Oculistica! \n\t<\/h3>\nLe Visite mediche servono soprattutto a diagnosticare patologie gravi, permettendo di effettuare terapie precoci con la possibilit\u00e0 di salvaguardare la vista.\nPer prenotare una visita presso il nostro Studio medico puoi utilizzare il pulsante sottostante. Se hai dubbi o hai bisogno di maggiori informazioni, sentiti libero di contattarci utilizzando il modulo di contatto. Saremo lieti di risponderti e venire incontro alle tue esigenze.\n<\/div>\n<div class=\"centrato\" style=\"margin-top:50px;\">\n\t<a class=\"mh-button-visit-form\" href=\"tel:+3901522979\">Prenota un visita<\/a>\n<\/div>\n<\/div><\/div><\/div><div id=\"pgc-3118-7-1\"  class=\"panel-grid-cell\" ><div id=\"panel-3118-7-1-0\" class=\"widget_text so-panel widget widget_custom_html panel-first-child panel-last-child\" data-index=\"11\" ><div class=\"textwidget custom-html-widget\"><div class=\"container-form centrato\">\n\t\n<div class=\"wpcf7 no-js\" id=\"wpcf7-f4-o1\" lang=\"it-IT\" dir=\"ltr\" data-wpcf7-id=\"4\">\n<div class=\"screen-reader-response\"><p role=\"status\" aria-live=\"polite\" aria-atomic=\"true\"><\/p> <ul><\/ul><\/div>\n<form action=\"\/it\/wp-json\/wp\/v2\/posts\/3118#wpcf7-f4-o1\" method=\"post\" class=\"wpcf7-form init\" aria-label=\"Modulo di contatto\" novalidate=\"novalidate\" data-status=\"init\">\n<fieldset class=\"hidden-fields-container\"><input type=\"hidden\" name=\"_wpcf7\" value=\"4\" \/><input type=\"hidden\" name=\"_wpcf7_version\" value=\"6.1.5\" \/><input type=\"hidden\" name=\"_wpcf7_locale\" value=\"it_IT\" \/><input type=\"hidden\" name=\"_wpcf7_unit_tag\" value=\"wpcf7-f4-o1\" \/><input type=\"hidden\" name=\"_wpcf7_container_post\" value=\"0\" \/><input type=\"hidden\" name=\"_wpcf7_posted_data_hash\" value=\"\" \/>\n<\/fieldset>\n<div class=\"wpcf7-turnstile cf-turnstile\" data-sitekey=\"0x4AAAAAABs1d-jl9c7nQQX9\" data-response-field-name=\"_wpcf7_turnstile_response\"><\/div>\n\n<p><span class=\"wpcf7-form-control-wrap\" data-name=\"your-name\"><input size=\"40\" maxlength=\"400\" class=\"wpcf7-form-control wpcf7-text wpcf7-validates-as-required\" aria-required=\"true\" aria-invalid=\"false\" placeholder=\"Nome e Cognome*\" value=\"\" type=\"text\" name=\"your-name\" \/><\/span>\n<\/p>\n<p><span class=\"wpcf7-form-control-wrap\" data-name=\"your-email\"><input size=\"40\" maxlength=\"400\" class=\"wpcf7-form-control wpcf7-email wpcf7-validates-as-required wpcf7-text wpcf7-validates-as-email\" aria-required=\"true\" aria-invalid=\"false\" placeholder=\"Email*\" value=\"\" type=\"email\" name=\"your-email\" \/><\/span>\n<\/p>\n<p><span class=\"wpcf7-form-control-wrap\" data-name=\"your-phone\"><input size=\"40\" maxlength=\"400\" class=\"wpcf7-form-control wpcf7-text\" aria-invalid=\"false\" placeholder=\"Numero di Telefono\" value=\"\" type=\"text\" name=\"your-phone\" \/><\/span>\n<\/p>\n<p><span class=\"wpcf7-form-control-wrap\" data-name=\"your-message\"><textarea cols=\"40\" rows=\"2\" maxlength=\"2000\" class=\"wpcf7-form-control wpcf7-textarea wpcf7-validates-as-required\" aria-required=\"true\" aria-invalid=\"false\" placeholder=\"Messaggio*\" name=\"your-message\"><\/textarea><\/span>\n<\/p>\n<div style=\"font-size:0.9em !important;margin-bottom: 10px;color:#5b779d;\" >\n\t<p><span class=\"wpcf7-form-control-wrap\" data-name=\"acceptance-privacy\"><span class=\"wpcf7-form-control wpcf7-acceptance\"><span class=\"wpcf7-list-item\"><label><input type=\"checkbox\" name=\"acceptance-privacy\" value=\"1\" aria-invalid=\"false\" \/><span class=\"wpcf7-list-item-label\">- Acconsento al trattamento dei miei dati personali in accordo con la pi\u00f9 recente <a href=\"https:\/\/www.studiomedicofanton.it\/it\/privacy-policy\/\" target=\"_blank\" style=\"font-size:0.9em;color:#5b779d70;\" >Privacy Policy<\/a><\/span><\/label><\/span><\/span><\/span>\n\t<\/p>\n<\/div>\n<p><input class=\"wpcf7-form-control wpcf7-submit has-spinner\" type=\"submit\" value=\"Invia\" \/>\n<\/p><div class=\"wpcf7-response-output\" aria-hidden=\"true\"><\/div>\n<\/form>\n<\/div>\n\n<\/div>\n<\/div><\/div><\/div><\/div><\/div><\/div>","protected":false},"excerpt":{"rendered":"<p>Bambini e Smartphone Quando la tecnologia fa male alla vista Secondo quanto emerso da recenti indagini statistiche, negli ultimi anni \u00e8 stata registrata una crescita esponenziale nella comparsa di difetti&hellip;<\/p>\n","protected":false},"author":1,"featured_media":3143,"comment_status":"closed","ping_status":"closed","sticky":false,"template":"","format":"standard","meta":{"footnotes":""},"categories":[9,1],"tags":[],"class_list":["post-3118","post","type-post","status-publish","format-standard","has-post-thumbnail","hentry","category-consigli","category-news"],"yoast_head":"<!-- This site is optimized with the Yoast SEO plugin v27.2 - https:\/\/yoast.com\/product\/yoast-seo-wordpress\/ -->\n<title>Bambini e Smartphone: quando la tecnologia fa male alla vista<\/title>\n<meta name=\"description\" content=\"Bambini e Smartphone: i difetti visivi in giovane et\u00e0 stanno subendo un&#039;espansione a causa dell&#039;uso di dispositivi tecnologici. Scopri di pi\u00f9!\" \/>\n<meta name=\"robots\" content=\"index, follow, max-snippet:-1, max-image-preview:large, max-video-preview:-1\" \/>\n<link rel=\"canonical\" href=\"https:\/\/www.studiomedicofanton.it\/it\/bambini-e-smartphone-quando-la-tecnologia-fa-male-alla-vista\/\" \/>\n<meta property=\"og:locale\" content=\"it_IT\" \/>\n<meta property=\"og:type\" content=\"article\" \/>\n<meta property=\"og:title\" content=\"Bambini e Smartphone: quando la tecnologia fa male alla vista\" \/>\n<meta property=\"og:description\" content=\"Bambini e Smartphone: i difetti visivi in giovane et\u00e0 stanno subendo un&#039;espansione a causa dell&#039;uso di dispositivi tecnologici. Scopri di pi\u00f9!\" \/>\n<meta property=\"og:url\" content=\"https:\/\/www.studiomedicofanton.it\/it\/bambini-e-smartphone-quando-la-tecnologia-fa-male-alla-vista\/\" \/>\n<meta property=\"og:site_name\" content=\"Studio Medico Fanton\" \/>\n<meta property=\"article:published_time\" content=\"2022-09-20T13:01:22+00:00\" \/>\n<meta property=\"og:image\" content=\"https:\/\/www.studiomedicofanton.it\/wp-content\/uploads\/2022\/09\/bambini-e-smartphone-studio-medico-fanton-01.jpg\" \/>\n\t<meta property=\"og:image:width\" content=\"801\" \/>\n\t<meta property=\"og:image:height\" content=\"601\" \/>\n\t<meta property=\"og:image:type\" content=\"image\/jpeg\" \/>\n<meta name=\"author\" content=\"vlab\" \/>\n<meta name=\"twitter:card\" content=\"summary_large_image\" \/>\n<meta name=\"twitter:label1\" content=\"Scritto da\" \/>\n\t<meta name=\"twitter:data1\" content=\"vlab\" \/>\n\t<meta name=\"twitter:label2\" content=\"Tempo di lettura stimato\" \/>\n\t<meta name=\"twitter:data2\" content=\"1 minuto\" \/>\n<script type=\"application\/ld+json\" class=\"yoast-schema-graph\">{\"@context\":\"https:\/\/schema.org\",\"@graph\":[{\"@type\":\"Article\",\"@id\":\"https:\/\/www.studiomedicofanton.it\/it\/bambini-e-smartphone-quando-la-tecnologia-fa-male-alla-vista\/#article\",\"isPartOf\":{\"@id\":\"https:\/\/www.studiomedicofanton.it\/it\/bambini-e-smartphone-quando-la-tecnologia-fa-male-alla-vista\/\"},\"author\":{\"name\":\"vlab\",\"@id\":\"https:\/\/www.studiomedicofanton.it\/it\/#\/schema\/person\/fe0c21902cee2df6c7446726a99108df\"},\"headline\":\"Bambini e Smartphone: quando la tecnologia fa male alla vista\",\"datePublished\":\"2022-09-20T13:01:22+00:00\",\"mainEntityOfPage\":{\"@id\":\"https:\/\/www.studiomedicofanton.it\/it\/bambini-e-smartphone-quando-la-tecnologia-fa-male-alla-vista\/\"},\"wordCount\":118,\"image\":{\"@id\":\"https:\/\/www.studiomedicofanton.it\/it\/bambini-e-smartphone-quando-la-tecnologia-fa-male-alla-vista\/#primaryimage\"},\"thumbnailUrl\":\"https:\/\/www.studiomedicofanton.it\/wp-content\/uploads\/2022\/09\/bambini-e-smartphone-studio-medico-fanton-01.jpg\",\"articleSection\":[\"Consigli\",\"News\"],\"inLanguage\":\"it-IT\"},{\"@type\":\"WebPage\",\"@id\":\"https:\/\/www.studiomedicofanton.it\/it\/bambini-e-smartphone-quando-la-tecnologia-fa-male-alla-vista\/\",\"url\":\"https:\/\/www.studiomedicofanton.it\/it\/bambini-e-smartphone-quando-la-tecnologia-fa-male-alla-vista\/\",\"name\":\"Bambini e Smartphone: quando la tecnologia fa male alla vista\",\"isPartOf\":{\"@id\":\"https:\/\/www.studiomedicofanton.it\/it\/#website\"},\"primaryImageOfPage\":{\"@id\":\"https:\/\/www.studiomedicofanton.it\/it\/bambini-e-smartphone-quando-la-tecnologia-fa-male-alla-vista\/#primaryimage\"},\"image\":{\"@id\":\"https:\/\/www.studiomedicofanton.it\/it\/bambini-e-smartphone-quando-la-tecnologia-fa-male-alla-vista\/#primaryimage\"},\"thumbnailUrl\":\"https:\/\/www.studiomedicofanton.it\/wp-content\/uploads\/2022\/09\/bambini-e-smartphone-studio-medico-fanton-01.jpg\",\"datePublished\":\"2022-09-20T13:01:22+00:00\",\"author\":{\"@id\":\"https:\/\/www.studiomedicofanton.it\/it\/#\/schema\/person\/fe0c21902cee2df6c7446726a99108df\"},\"description\":\"Bambini e Smartphone: i difetti visivi in giovane et\u00e0 stanno subendo un'espansione a causa dell'uso di dispositivi tecnologici. Scopri di pi\u00f9!\",\"breadcrumb\":{\"@id\":\"https:\/\/www.studiomedicofanton.it\/it\/bambini-e-smartphone-quando-la-tecnologia-fa-male-alla-vista\/#breadcrumb\"},\"inLanguage\":\"it-IT\",\"potentialAction\":[{\"@type\":\"ReadAction\",\"target\":[\"https:\/\/www.studiomedicofanton.it\/it\/bambini-e-smartphone-quando-la-tecnologia-fa-male-alla-vista\/\"]}]},{\"@type\":\"ImageObject\",\"inLanguage\":\"it-IT\",\"@id\":\"https:\/\/www.studiomedicofanton.it\/it\/bambini-e-smartphone-quando-la-tecnologia-fa-male-alla-vista\/#primaryimage\",\"url\":\"https:\/\/www.studiomedicofanton.it\/wp-content\/uploads\/2022\/09\/bambini-e-smartphone-studio-medico-fanton-01.jpg\",\"contentUrl\":\"https:\/\/www.studiomedicofanton.it\/wp-content\/uploads\/2022\/09\/bambini-e-smartphone-studio-medico-fanton-01.jpg\",\"width\":801,\"height\":601},{\"@type\":\"BreadcrumbList\",\"@id\":\"https:\/\/www.studiomedicofanton.it\/it\/bambini-e-smartphone-quando-la-tecnologia-fa-male-alla-vista\/#breadcrumb\",\"itemListElement\":[{\"@type\":\"ListItem\",\"position\":1,\"name\":\"Home\",\"item\":\"https:\/\/www.studiomedicofanton.it\/it\/\"},{\"@type\":\"ListItem\",\"position\":2,\"name\":\"Bambini e Smartphone: quando la tecnologia fa male alla vista\"}]},{\"@type\":\"WebSite\",\"@id\":\"https:\/\/www.studiomedicofanton.it\/it\/#website\",\"url\":\"https:\/\/www.studiomedicofanton.it\/it\/\",\"name\":\"Studio Medico Fanton\",\"description\":\"Biella Torino Lugano -  I Vostri Occhi, la Nostra Passione\",\"alternateName\":\"Studio Fanton\",\"potentialAction\":[{\"@type\":\"SearchAction\",\"target\":{\"@type\":\"EntryPoint\",\"urlTemplate\":\"https:\/\/www.studiomedicofanton.it\/it\/?s={search_term_string}\"},\"query-input\":{\"@type\":\"PropertyValueSpecification\",\"valueRequired\":true,\"valueName\":\"search_term_string\"}}],\"inLanguage\":\"it-IT\"},{\"@type\":\"Person\",\"@id\":\"https:\/\/www.studiomedicofanton.it\/it\/#\/schema\/person\/fe0c21902cee2df6c7446726a99108df\",\"name\":\"vlab\",\"image\":{\"@type\":\"ImageObject\",\"inLanguage\":\"it-IT\",\"@id\":\"https:\/\/secure.gravatar.com\/avatar\/2b2547060eb5d1f3b78352c41a2609abdc25e9b739b469f2d5d0a380e08ff190?s=96&d=mm&r=g\",\"url\":\"https:\/\/secure.gravatar.com\/avatar\/2b2547060eb5d1f3b78352c41a2609abdc25e9b739b469f2d5d0a380e08ff190?s=96&d=mm&r=g\",\"contentUrl\":\"https:\/\/secure.gravatar.com\/avatar\/2b2547060eb5d1f3b78352c41a2609abdc25e9b739b469f2d5d0a380e08ff190?s=96&d=mm&r=g\",\"caption\":\"vlab\"},\"sameAs\":[\"https:\/\/www.studiomedicofanton.it\"]}]}<\/script>\n<!-- \/ Yoast SEO plugin. -->","yoast_head_json":{"title":"Bambini e Smartphone: quando la tecnologia fa male alla vista","description":"Bambini e Smartphone: i difetti visivi in giovane et\u00e0 stanno subendo un'espansione a causa dell'uso di dispositivi tecnologici. Scopri di pi\u00f9!","robots":{"index":"index","follow":"follow","max-snippet":"max-snippet:-1","max-image-preview":"max-image-preview:large","max-video-preview":"max-video-preview:-1"},"canonical":"https:\/\/www.studiomedicofanton.it\/it\/bambini-e-smartphone-quando-la-tecnologia-fa-male-alla-vista\/","og_locale":"it_IT","og_type":"article","og_title":"Bambini e Smartphone: quando la tecnologia fa male alla vista","og_description":"Bambini e Smartphone: i difetti visivi in giovane et\u00e0 stanno subendo un'espansione a causa dell'uso di dispositivi tecnologici. Scopri di pi\u00f9!","og_url":"https:\/\/www.studiomedicofanton.it\/it\/bambini-e-smartphone-quando-la-tecnologia-fa-male-alla-vista\/","og_site_name":"Studio Medico Fanton","article_published_time":"2022-09-20T13:01:22+00:00","og_image":[{"width":801,"height":601,"url":"https:\/\/www.studiomedicofanton.it\/wp-content\/uploads\/2022\/09\/bambini-e-smartphone-studio-medico-fanton-01.jpg","type":"image\/jpeg"}],"author":"vlab","twitter_card":"summary_large_image","twitter_misc":{"Scritto da":"vlab","Tempo di lettura stimato":"1 minuto"},"schema":{"@context":"https:\/\/schema.org","@graph":[{"@type":"Article","@id":"https:\/\/www.studiomedicofanton.it\/it\/bambini-e-smartphone-quando-la-tecnologia-fa-male-alla-vista\/#article","isPartOf":{"@id":"https:\/\/www.studiomedicofanton.it\/it\/bambini-e-smartphone-quando-la-tecnologia-fa-male-alla-vista\/"},"author":{"name":"vlab","@id":"https:\/\/www.studiomedicofanton.it\/it\/#\/schema\/person\/fe0c21902cee2df6c7446726a99108df"},"headline":"Bambini e Smartphone: quando la tecnologia fa male alla vista","datePublished":"2022-09-20T13:01:22+00:00","mainEntityOfPage":{"@id":"https:\/\/www.studiomedicofanton.it\/it\/bambini-e-smartphone-quando-la-tecnologia-fa-male-alla-vista\/"},"wordCount":118,"image":{"@id":"https:\/\/www.studiomedicofanton.it\/it\/bambini-e-smartphone-quando-la-tecnologia-fa-male-alla-vista\/#primaryimage"},"thumbnailUrl":"https:\/\/www.studiomedicofanton.it\/wp-content\/uploads\/2022\/09\/bambini-e-smartphone-studio-medico-fanton-01.jpg","articleSection":["Consigli","News"],"inLanguage":"it-IT"},{"@type":"WebPage","@id":"https:\/\/www.studiomedicofanton.it\/it\/bambini-e-smartphone-quando-la-tecnologia-fa-male-alla-vista\/","url":"https:\/\/www.studiomedicofanton.it\/it\/bambini-e-smartphone-quando-la-tecnologia-fa-male-alla-vista\/","name":"Bambini e Smartphone: quando la tecnologia fa male alla vista","isPartOf":{"@id":"https:\/\/www.studiomedicofanton.it\/it\/#website"},"primaryImageOfPage":{"@id":"https:\/\/www.studiomedicofanton.it\/it\/bambini-e-smartphone-quando-la-tecnologia-fa-male-alla-vista\/#primaryimage"},"image":{"@id":"https:\/\/www.studiomedicofanton.it\/it\/bambini-e-smartphone-quando-la-tecnologia-fa-male-alla-vista\/#primaryimage"},"thumbnailUrl":"https:\/\/www.studiomedicofanton.it\/wp-content\/uploads\/2022\/09\/bambini-e-smartphone-studio-medico-fanton-01.jpg","datePublished":"2022-09-20T13:01:22+00:00","author":{"@id":"https:\/\/www.studiomedicofanton.it\/it\/#\/schema\/person\/fe0c21902cee2df6c7446726a99108df"},"description":"Bambini e Smartphone: i difetti visivi in giovane et\u00e0 stanno subendo un'espansione a causa dell'uso di dispositivi tecnologici. Scopri di pi\u00f9!","breadcrumb":{"@id":"https:\/\/www.studiomedicofanton.it\/it\/bambini-e-smartphone-quando-la-tecnologia-fa-male-alla-vista\/#breadcrumb"},"inLanguage":"it-IT","potentialAction":[{"@type":"ReadAction","target":["https:\/\/www.studiomedicofanton.it\/it\/bambini-e-smartphone-quando-la-tecnologia-fa-male-alla-vista\/"]}]},{"@type":"ImageObject","inLanguage":"it-IT","@id":"https:\/\/www.studiomedicofanton.it\/it\/bambini-e-smartphone-quando-la-tecnologia-fa-male-alla-vista\/#primaryimage","url":"https:\/\/www.studiomedicofanton.it\/wp-content\/uploads\/2022\/09\/bambini-e-smartphone-studio-medico-fanton-01.jpg","contentUrl":"https:\/\/www.studiomedicofanton.it\/wp-content\/uploads\/2022\/09\/bambini-e-smartphone-studio-medico-fanton-01.jpg","width":801,"height":601},{"@type":"BreadcrumbList","@id":"https:\/\/www.studiomedicofanton.it\/it\/bambini-e-smartphone-quando-la-tecnologia-fa-male-alla-vista\/#breadcrumb","itemListElement":[{"@type":"ListItem","position":1,"name":"Home","item":"https:\/\/www.studiomedicofanton.it\/it\/"},{"@type":"ListItem","position":2,"name":"Bambini e Smartphone: quando la tecnologia fa male alla vista"}]},{"@type":"WebSite","@id":"https:\/\/www.studiomedicofanton.it\/it\/#website","url":"https:\/\/www.studiomedicofanton.it\/it\/","name":"Studio Medico Fanton","description":"Biella Torino Lugano -  I Vostri Occhi, la Nostra Passione","alternateName":"Studio Fanton","potentialAction":[{"@type":"SearchAction","target":{"@type":"EntryPoint","urlTemplate":"https:\/\/www.studiomedicofanton.it\/it\/?s={search_term_string}"},"query-input":{"@type":"PropertyValueSpecification","valueRequired":true,"valueName":"search_term_string"}}],"inLanguage":"it-IT"},{"@type":"Person","@id":"https:\/\/www.studiomedicofanton.it\/it\/#\/schema\/person\/fe0c21902cee2df6c7446726a99108df","name":"vlab","image":{"@type":"ImageObject","inLanguage":"it-IT","@id":"https:\/\/secure.gravatar.com\/avatar\/2b2547060eb5d1f3b78352c41a2609abdc25e9b739b469f2d5d0a380e08ff190?s=96&d=mm&r=g","url":"https:\/\/secure.gravatar.com\/avatar\/2b2547060eb5d1f3b78352c41a2609abdc25e9b739b469f2d5d0a380e08ff190?s=96&d=mm&r=g","contentUrl":"https:\/\/secure.gravatar.com\/avatar\/2b2547060eb5d1f3b78352c41a2609abdc25e9b739b469f2d5d0a380e08ff190?s=96&d=mm&r=g","caption":"vlab"},"sameAs":["https:\/\/www.studiomedicofanton.it"]}]}},"_links":{"self":[{"href":"https:\/\/www.studiomedicofanton.it\/it\/wp-json\/wp\/v2\/posts\/3118","targetHints":{"allow":["GET"]}}],"collection":[{"href":"https:\/\/www.studiomedicofanton.it\/it\/wp-json\/wp\/v2\/posts"}],"about":[{"href":"https:\/\/www.studiomedicofanton.it\/it\/wp-json\/wp\/v2\/types\/post"}],"author":[{"embeddable":true,"href":"https:\/\/www.studiomedicofanton.it\/it\/wp-json\/wp\/v2\/users\/1"}],"replies":[{"embeddable":true,"href":"https:\/\/www.studiomedicofanton.it\/it\/wp-json\/wp\/v2\/comments?post=3118"}],"version-history":[{"count":8,"href":"https:\/\/www.studiomedicofanton.it\/it\/wp-json\/wp\/v2\/posts\/3118\/revisions"}],"predecessor-version":[{"id":3153,"href":"https:\/\/www.studiomedicofanton.it\/it\/wp-json\/wp\/v2\/posts\/3118\/revisions\/3153"}],"wp:featuredmedia":[{"embeddable":true,"href":"https:\/\/www.studiomedicofanton.it\/it\/wp-json\/wp\/v2\/media\/3143"}],"wp:attachment":[{"href":"https:\/\/www.studiomedicofanton.it\/it\/wp-json\/wp\/v2\/media?parent=3118"}],"wp:term":[{"taxonomy":"category","embeddable":true,"href":"https:\/\/www.studiomedicofanton.it\/it\/wp-json\/wp\/v2\/categories?post=3118"},{"taxonomy":"post_tag","embeddable":true,"href":"https:\/\/www.studiomedicofanton.it\/it\/wp-json\/wp\/v2\/tags?post=3118"}],"curies":[{"name":"wp","href":"https:\/\/api.w.org\/{rel}","templated":true}]}}